{"id":9171,"date":"2026-08-31T14:09:18","date_gmt":"2026-08-31T12:09:18","guid":{"rendered":"https:\/\/elsc.support\/?p=9171"},"modified":"2026-08-31T14:09:22","modified_gmt":"2026-08-31T12:09:22","slug":"das-verbot-des-frankfurter-vereins-palastina-e-v-informationsveranstaltung-des-elsc-mit-rechtsanwalt-matthias-seipel","status":"publish","type":"post","link":"https:\/\/elsc.support\/ar\/das-verbot-des-frankfurter-vereins-palastina-e-v-informationsveranstaltung-des-elsc-mit-rechtsanwalt-matthias-seipel\/","title":{"rendered":"Das Verbot des Frankfurter Vereins Pal\u00e4stina e.V. &#8211; Informationsveranstaltung des ELSC mit Rechtsanwalt Matthias Seipel\u00a0"},"content":{"rendered":"<p class=\"wp-block-paragraph\"><em>Am Mittwoch, 02.09.2026, 19:00 Uhr, im T\u00fcrkischen Volkshaus, Werrastra\u00dfe 29, 60486 Frankfurt am Main, kostenloser Eintritt, keine Anmeldung erforderlich<\/em>&nbsp;<\/p>\n\n\n\n<p class=\"wp-block-paragraph\">Am 18.08.2026 wurde der Frankfurter Verein Pal\u00e4stina e.V. durch das Hessische Innenministerium verboten und seine R\u00e4ume sowie Wohnungen von Betroffenen durchsucht \u2013 obwohl sich der Verein bereits im November 2024 selbst aufgel\u00f6st hatte. Die Verbotsverf\u00fcgung richtet sich auch gegen Personen, Social-Media-Accounts und pal\u00e4stinasolidarische Initiativen, die nie Teil des Vereins waren.&nbsp;<\/p>\n\n\n\n<p class=\"wp-block-paragraph\">F\u00fcr die Betroffenen bedeutet das Verbot massive Eingriffe in ihre demokratischen Grundrechte. Es steht in einer Reihe von <a href=\"https:\/\/elsc.support\/ar\/new-elsc-report-europes-proscription-of-palestine-solidarity\/\" target=\"_blank\" rel=\"noopener\">Vereinsverboten in Deutschland und ganz Europa gegen pal\u00e4stinasolidarische Initiativen<\/a>. F\u00fcr diese Veranstaltung hat das European Legal Support Center (ELSC) Rechtsanwalt Matthias Seipel geladen, der Betroffene vertritt und Auskunft \u00fcber die Begr\u00fcndung des Verbots in Frankfurt, seine konkreten Auswirkungen und den gr\u00f6\u00dferen politischen Kontext der zunehmenden Repression gegen die Pal\u00e4stina-Solidarit\u00e4t geben wird.&nbsp;&nbsp;<\/p>\n\n\n\n<p class=\"wp-block-paragraph\">Kommt vorbei, informiert euch und sprecht mit uns \u00fcber das Verbot. Die Veranstaltung ist kostenlos!&nbsp;<\/p>","protected":false},"excerpt":{"rendered":"<p>Am 18.08.2026 wurde der Frankfurter Verein Pal\u00e4stina e.V. durch das Hessische Innenministerium verboten und seine R\u00e4ume sowie Wohnungen von Betroffenen durchsucht \u2013 obwohl sich der Verein bereits im November 2024 selbst aufgel\u00f6st hatte. Die Verbotsverf\u00fcgung richtet sich auch gegen Personen, Social-Media-Accounts und pal\u00e4stinasolidarische Initiativen, die nie Teil des Vereins waren.<\/p>","protected":false},"author":11,"featured_media":9172,"comment_status":"open","ping_status":"open","sticky":false,"template":"","format":"standard","meta":{"_acf_changed":false,"_kad_blocks_custom_css":"","_kad_blocks_head_custom_js":"","_kad_blocks_body_custom_js":"","_kad_blocks_footer_custom_js":"","_kadence_starter_templates_imported_post":false,"_kad_post_transparent":"","_kad_post_title":"","_kad_post_layout":"","_kad_post_sidebar_id":"","_kad_post_content_style":"","_kad_post_vertical_padding":"","_kad_post_feature":"","_kad_post_feature_position":"","_kad_post_header":false,"_kad_post_footer":false,"_kad_post_classname":"","footnotes":""},"categories":[46],"tags":[],"test-2":[],"country":[25],"blog_categories":[],"class_list":["post-9171","post","type-post","status-publish","format-standard","has-post-thumbnail","hentry","category-activities-events","country-de"],"acf":[],"taxonomy_info":{"category":[{"value":46,"label":"Activities &amp; Events"}],"country":[{"value":25,"label":"Germany"}]},"featured_image_src_large":["https:\/\/elsc.support\/wp-content\/uploads\/2026\/08\/Palastina-eV-Community-Event-3.png",900,472,false],"author_info":{"display_name":"Bashar","author_link":"https:\/\/elsc.support\/ar\/author\/bashar\/"},"comment_info":0,"category_info":[{"term_id":46,"name":"Activities &amp; Events","slug":"activities-events","term_group":0,"term_taxonomy_id":46,"taxonomy":"category","description":"Upcoming or past public events organized or attended by ELSC.","parent":0,"count":19,"filter":"raw","cat_ID":46,"category_count":19,"category_description":"Upcoming or past public events organized or attended by ELSC.","cat_name":"Activities &amp; Events","category_nicename":"activities-events","category_parent":0}],"tag_info":false,"_links":{"self":[{"href":"https:\/\/elsc.support\/ar\/wp-json\/wp\/v2\/posts\/9171","targetHints":{"allow":["GET"]}}],"collection":[{"href":"https:\/\/elsc.support\/ar\/wp-json\/wp\/v2\/posts"}],"about":[{"href":"https:\/\/elsc.support\/ar\/wp-json\/wp\/v2\/types\/post"}],"author":[{"embeddable":true,"href":"https:\/\/elsc.support\/ar\/wp-json\/wp\/v2\/users\/11"}],"replies":[{"embeddable":true,"href":"https:\/\/elsc.support\/ar\/wp-json\/wp\/v2\/comments?post=9171"}],"version-history":[{"count":1,"href":"https:\/\/elsc.support\/ar\/wp-json\/wp\/v2\/posts\/9171\/revisions"}],"predecessor-version":[{"id":9173,"href":"https:\/\/elsc.support\/ar\/wp-json\/wp\/v2\/posts\/9171\/revisions\/9173"}],"wp:featuredmedia":[{"embeddable":true,"href":"https:\/\/elsc.support\/ar\/wp-json\/wp\/v2\/media\/9172"}],"wp:attachment":[{"href":"https:\/\/elsc.support\/ar\/wp-json\/wp\/v2\/media?parent=9171"}],"wp:term":[{"taxonomy":"category","embeddable":true,"href":"https:\/\/elsc.support\/ar\/wp-json\/wp\/v2\/categories?post=9171"},{"taxonomy":"post_tag","embeddable":true,"href":"https:\/\/elsc.support\/ar\/wp-json\/wp\/v2\/tags?post=9171"},{"taxonomy":"test-2","embeddable":true,"href":"https:\/\/elsc.support\/ar\/wp-json\/wp\/v2\/test-2?post=9171"},{"taxonomy":"country","embeddable":true,"href":"https:\/\/elsc.support\/ar\/wp-json\/wp\/v2\/country?post=9171"},{"taxonomy":"blog_categories","embeddable":true,"href":"https:\/\/elsc.support\/ar\/wp-json\/wp\/v2\/blog_categories?post=9171"}],"curies":[{"name":"wp","href":"https:\/\/api.w.org\/{rel}","templated":true}]}}